{"id":386,"date":"2019-03-03T22:27:48","date_gmt":"2019-03-03T21:27:48","guid":{"rendered":"http:\/\/familienbuch-voss.de\/?p=386"},"modified":"2023-07-18T23:27:23","modified_gmt":"2023-07-18T21:27:23","slug":"der-erste-weltkrieg-und-carl-fritz-heinrich-voss","status":"publish","type":"post","link":"https:\/\/www.familienbuch-voss.de\/?p=386","title":{"rendered":"Der Erste Weltkrieg und Carl Fritz Heinrich Vo\u00df"},"content":{"rendered":"<div class=\"wp-block-image\">\n<figure class=\"alignright\"><img decoding=\"async\" loading=\"lazy\" width=\"205\" height=\"532\" src=\"http:\/\/familienbuch-voss.de\/wp-content\/uploads\/2019\/03\/19141000_Heinrich_Voss_Neum\u00fcnster.jpg\" alt=\"Heinrich Vo\u00df im Oktober 1914 in Neum\u00fcnster\" class=\"wp-image-62\" srcset=\"https:\/\/www.familienbuch-voss.de\/wp-content\/uploads\/2019\/03\/19141000_Heinrich_Voss_Neum\u00fcnster.jpg 205w, https:\/\/www.familienbuch-voss.de\/wp-content\/uploads\/2019\/03\/19141000_Heinrich_Voss_Neum\u00fcnster-116x300.jpg 116w\" sizes=\"(max-width: 205px) 100vw, 205px\" \/><figcaption class=\"wp-element-caption\">Heinrich Vo\u00df im Oktober 1914 in Neum\u00fcnster<\/figcaption><\/figure><\/div>\n\n\n<p>Der Erste Weltkrieg fing so harmlos an, wenn man die Familiendokumente durchschaut: Mit einem Brief aus Neum\u00fcnster an die Eltern von &#8222;Heini&#8220; Vo\u00df. Absender sind seine Gasteltern in Neum\u00fcnster, Familie Kastberg. <a href=\"https:\/\/www.myheritage.de\/site-family-tree-259299161\/familienbuch-vo%C3%9F?rootIndivudalID=1000006&amp;familyTreeID=1\" target=\"_blank\" rel=\"noreferrer noopener\">Heinrich Vo\u00df<\/a> war in Neum\u00fcnster als Soldat stationiert und privat einquatiert worden. Das Foto oben zeigt ihn \u00fcbrigens zusammen mit seiner Schwester <a href=\"https:\/\/www.myheritage.de\/site-family-tree-259299161\/familienbuch-vo%C3%9F?rootIndivudalID=1500157&amp;familyTreeID=1\" target=\"_blank\" rel=\"noreferrer noopener\">Martha Vo\u00df<\/a>.<\/p>\n\n\n\n<!--more-->\n\n\n\n<blockquote class=\"wp-block-quote has-text-align-right\">\n<p>&#8222;Gestern haben wir nun Ihren lieben Sohn wegziehen lassen. Etwas l\u00e4nger, wie wir erst gedacht hatten, haben wir ihn ja noch in unserem Heim behalten d\u00fcrfen.&#8220;<\/p>\n<cite>Familie Kastberg, Neum\u00fcnster, an die Eltern von Heinrich Vo\u00df<\/cite><\/blockquote>\n\n\n\n<p>Um 24. November 1914 um 7:30 Uhr verl\u00e4sst Heinrich Vo\u00df das Haus in der Propstenstra\u00dfe 6. Er ist schwer bepackt. Um 11 Uhr kehrt er schon wieder zur\u00fcck. Die Abfahrt soll nun erst am Nachmittag um 16:30 Uhr sein, schreiben seine Gastgeber. Und so kommt es dann auch. In dem Brief, der von Neum\u00fcnster nach Hamburg ging, hei\u00dft es weiter:<\/p>\n\n\n\n<blockquote class=\"wp-block-quote has-text-align-right\">\n<p>&#8222;Er hat ja mit seinen Kameraden die Reise nach Ostende angetreten. Ob sie wohl gestern Abend im Quartier gewesen sind, er hat uns ordentlich gefehlt gestern, wie niemand kam um sein Zimmer zu beziehen.&#8220;<\/p>\n<cite> Familie Kastberg, Neum\u00fcnster, an die Eltern von Heinrich Vo\u00df <\/cite><\/blockquote>\n\n\n\n<p>F\u00fcr den jungen Soldaten beginnt damit ein Einsatz an dessen Ende er schwer verletzt werden soll.<\/p>\n\n\n<div class=\"wp-block-image\">\n<figure class=\"alignleft\"><img decoding=\"async\" loading=\"lazy\" width=\"200\" height=\"277\" src=\"http:\/\/familienbuch-voss.de\/wp-content\/uploads\/2019\/03\/19340000_Vierzig_Monate_Westfront.jpg\" alt=\"&quot;Vierzig Monate Westfront&quot;, 1934 erschienen\" class=\"wp-image-70\"\/><figcaption class=\"wp-element-caption\">&#8222;Vierzig Monate Westfront&#8220;, 1934 erschienen<\/figcaption><\/figure><\/div>\n\n\n<p>Heinrich Vo\u00df geh\u00f6rt zun\u00e4chst dem 84. Regiment in L\u00fcbeck an, dann sp\u00e4ter dem Telefontrupp III des Infanterie-Regiments 184. Das Buch &#8222;Vierzig Monate Westfront&#8220; von Ernst Neumann, Oldenburg i.O, 1934 kauft er viele Jahre sp\u00e4ter und notiert darin einige Ereignis. So l\u00e4sst sich ein Teil seiner Soldatenzeit zur\u00fcckverfolgen.<\/p>\n\n\n\n<p>Am 14. Oktober 1915 wird der Ort Bazancourt, in dem das Regiment 184 liegt, von 15 bis 20 Flugzeugen angegriffen. Der erste handschriftlich Eintrag von Heinrich Vo\u00df bezieht sich auf den n\u00e4chsten Tag. Es trifft, wie der Autor des Buches &#8222;Vierzig Monate Westfront&#8220; schreibt, Ersatz ein, u.a. das Regiment 84 aus L\u00fcbeck. Vier Unteroffiziere sowie 189 Mannschaftsdienstgrade, zu denen Heinrich Vo\u00df geh\u00f6rt, werden dem III. Batallion zugeteilt.<br><\/p>\n\n\n<div class=\"wp-block-image\">\n<figure class=\"alignright\"><img decoding=\"async\" loading=\"lazy\" width=\"330\" height=\"128\" src=\"http:\/\/familienbuch-voss.de\/wp-content\/uploads\/2019\/03\/19340000_Vierzig_Monate_Westfront_1.jpg\" alt=\"&quot;Vierzig Monate Westfront&quot;, 1934 erschienen - oben die handschriftliche Notiz von Heinrich Vo\u00df: &quot;15. Oktober 1915&quot;\" class=\"wp-image-71\" srcset=\"https:\/\/www.familienbuch-voss.de\/wp-content\/uploads\/2019\/03\/19340000_Vierzig_Monate_Westfront_1.jpg 330w, https:\/\/www.familienbuch-voss.de\/wp-content\/uploads\/2019\/03\/19340000_Vierzig_Monate_Westfront_1-300x116.jpg 300w\" sizes=\"(max-width: 330px) 100vw, 330px\" \/><figcaption class=\"wp-element-caption\">&#8222;Vierzig Monate Westfront&#8220;, 1934 erschienen &#8211; oben die handschriftliche Notiz von Heinrich Vo\u00df: &#8222;15. Oktober 1915&#8220;<\/figcaption><\/figure><\/div>\n\n\n<p>Der n\u00e4chste handschriftliche Eintrag findet sich am 12. Juli 1916. Der Unterstand zur Vermittlung Bazentin wird durch einen Volltreffer zerst\u00f6rt. Wegen des starken Artelleriefeuers sei ein &#8222;Finden und Flicken der Stelle ganz ausgeschlossen.&#8220; <br><\/p>\n\n\n\n<p>Die 9. Kompanie, so hei\u00dft es weiter, hat &#8222;den Auftrag, das Grabenst\u00fcck links des Schlosses bis zur Stra\u00dfe von Martinpuich zu nehmen&#8220;. Der Ort ist mit einem handschriftlichen Sternchen versehen. Daneben steht &#8222;verwundet&#8220;. Sein Sohn, Joachim Vo\u00df, best\u00e4tigt sp\u00e4ter diese Verwundung. Es war ein Schuss in den Fu\u00df.<br><\/p>\n\n\n<div class=\"wp-block-image\">\n<figure class=\"alignleft\"><img decoding=\"async\" loading=\"lazy\" width=\"330\" height=\"281\" src=\"http:\/\/familienbuch-voss.de\/wp-content\/uploads\/2019\/03\/19340000_Vierzig_Monate_Westfront_2.jpg\" alt=\"&quot;Vierzig Monate Westfront&quot;, 1934 erschienen - handschriftlicher Eintrag von Heinrich Vo\u00df: &quot;verwundet&quot;\" class=\"wp-image-72\" srcset=\"https:\/\/www.familienbuch-voss.de\/wp-content\/uploads\/2019\/03\/19340000_Vierzig_Monate_Westfront_2.jpg 330w, https:\/\/www.familienbuch-voss.de\/wp-content\/uploads\/2019\/03\/19340000_Vierzig_Monate_Westfront_2-300x255.jpg 300w\" sizes=\"(max-width: 330px) 100vw, 330px\" \/><figcaption class=\"wp-element-caption\">&#8222;Vierzig Monate Westfront&#8220;, 1934 erschienen &#8211; handschriftlicher Eintrag von Heinrich Vo\u00df: &#8222;verwundet&#8220;<\/figcaption><\/figure><\/div>\n\n\n<p>Rund um Bazentin kommt es zu heftigen Gefechten zwischen Engl\u00e4ndern und Deutschen. Bereits vier Tage nach der Verwundung Heinrich Vo\u00df gibt es am 14. Juli 1916 eine heftige Schlacht, bei der die Engl\u00e4nder zun\u00e4chst unterlegen sind. Ein Bericht ist auf der <a href=\"\\&quot;http:\/\/www.iwm.org.uk\/server\/show\/nav.00o003003003004\\&quot;\">Homepage des Soldatenfriedhofes<\/a> nachzulesen.<\/p>\n\n\n\n<p>Heinrich Vo\u00df entkommt diesen Schlachten: Im Oktober 1916 entsteht ein Foto in Blankenburg. Offenbar ist er nach seiner Verletzung weit hinter die Front verlegt worden.<\/p>\n\n\n\n<p>Ein Jahr sp\u00e4ter, im Oktober 1917, entsteht ein Foto in Uniform w\u00e4hrend des Urlaubs.<\/p>\n\n\n<div class=\"wp-block-image\">\n<figure class=\"alignright\"><img decoding=\"async\" loading=\"lazy\" width=\"320\" height=\"452\" src=\"http:\/\/familienbuch-voss.de\/wp-content\/uploads\/2019\/03\/19171208_Eisernes_Kreuz_-Heinrich_Voss.jpg\" alt=\"Verleihungsurkunde des Eisernen Kreuzes f\u00fcr Heinrich Vo\u00df\" class=\"wp-image-67\" srcset=\"https:\/\/www.familienbuch-voss.de\/wp-content\/uploads\/2019\/03\/19171208_Eisernes_Kreuz_-Heinrich_Voss.jpg 320w, https:\/\/www.familienbuch-voss.de\/wp-content\/uploads\/2019\/03\/19171208_Eisernes_Kreuz_-Heinrich_Voss-212x300.jpg 212w\" sizes=\"(max-width: 320px) 100vw, 320px\" \/><figcaption class=\"wp-element-caption\">Verleihungsurkunde des Eisernen Kreuzes f\u00fcr Heinrich  Vo\u00df<\/figcaption><\/figure><\/div>\n\n\n<p>Am 08. Dezember 1917 bekommt Heinrich Vo\u00df das Eiserne Kreuz II. Klasse verliehen. Es unterzeichnet der Kommandeur des Infanterie-Regiments 184.<\/p>\n\n\n\n<p>Das letzte Foto w\u00e4hrend des Weltkrieges wird 1918 aufgenommen.<\/p>\n\n\n\n<p>Heinrich Vo\u00df wird an einem noch unbekannten Ort schwer durch ein Geschoss getroffen. Es dringt ihm in die linke Wange ein, geht durch den Mundraum und verl\u00e4sst den K\u00f6rper dann auf der rechten Seite am Hals. Heinrich Vo\u00df \u00fcberlebt diesen Schuss. Nach einer Schilderung seines Sohnes, Joachim Vo\u00df, hat er \u00fcber Kameraden erfahren, dass man ihn auf den Schlachtfeld zun\u00e4chst liegengelassen hatte, weil man davon ausging, ein Kopfschuss sei t\u00f6dlich. Erst sp\u00e4ter entdeckte man, dass er sich bewegte. Bis auf die Narben und ein selten auftretendes leichtes Knacken des Kiefers blieben keine dauerhaften Sch\u00e4den zur\u00fcck. <\/p>\n\n\n\n<p>F\u00fcr Heinrich Vo\u00df war es aber das Ende des Weltkrieges. Er wird nach Deutschland zur\u00fcckgebracht.<\/p>\n\n\n<div class=\"su-image-carousel  su-image-carousel-has-spacing su-image-carousel-has-outline su-image-carousel-adaptive su-image-carousel-slides-style-default su-image-carousel-controls-style-dark su-image-carousel-align-none\" style=\"\" data-flickity-options='{\"groupCells\":true,\"cellSelector\":\".su-image-carousel-item\",\"adaptiveHeight\":true,\"cellAlign\":\"left\",\"prevNextButtons\":true,\"pageDots\":true,\"autoPlay\":5000,\"imagesLoaded\":true,\"contain\":false,\"selectedAttraction\":0.025,\"friction\":0.28}' id=\"su_image_carousel_69f35114024c6\"><div class=\"su-image-carousel-item\"><div class=\"su-image-carousel-item-content\"><img width=\"492\" height=\"281\" src=\"https:\/\/www.familienbuch-voss.de\/wp-content\/uploads\/2019\/03\/19171000_Martha_und_Heinrich_Voss.jpg\" class=\"\" alt=\"Heinrich Vo\u00df mit seiner Schwester Martha im Oktober 1917\" decoding=\"async\" loading=\"lazy\" srcset=\"https:\/\/www.familienbuch-voss.de\/wp-content\/uploads\/2019\/03\/19171000_Martha_und_Heinrich_Voss.jpg 492w, https:\/\/www.familienbuch-voss.de\/wp-content\/uploads\/2019\/03\/19171000_Martha_und_Heinrich_Voss-300x171.jpg 300w\" sizes=\"(max-width: 492px) 100vw, 492px\" \/><\/div><\/div><div class=\"su-image-carousel-item\"><div class=\"su-image-carousel-item-content\"><img width=\"242\" height=\"454\" src=\"https:\/\/www.familienbuch-voss.de\/wp-content\/uploads\/2019\/03\/19161000_Heinrich_Voss_Blankenburg.jpg\" class=\"\" alt=\"Heinrich Vo\u00df in Blankenburg, Oktober 1916\" decoding=\"async\" loading=\"lazy\" srcset=\"https:\/\/www.familienbuch-voss.de\/wp-content\/uploads\/2019\/03\/19161000_Heinrich_Voss_Blankenburg.jpg 242w, https:\/\/www.familienbuch-voss.de\/wp-content\/uploads\/2019\/03\/19161000_Heinrich_Voss_Blankenburg-160x300.jpg 160w\" sizes=\"(max-width: 242px) 100vw, 242px\" \/><\/div><\/div><div class=\"su-image-carousel-item\"><div class=\"su-image-carousel-item-content\"><img width=\"600\" height=\"819\" src=\"https:\/\/www.familienbuch-voss.de\/wp-content\/uploads\/2019\/03\/19180729_Carl_Fritz_Heinrich_Voss_2.jpg\" class=\"\" alt=\"Heinrich Vo\u00df (rechts) am 29.07.1918\" decoding=\"async\" loading=\"lazy\" srcset=\"https:\/\/www.familienbuch-voss.de\/wp-content\/uploads\/2019\/03\/19180729_Carl_Fritz_Heinrich_Voss_2.jpg 652w, https:\/\/www.familienbuch-voss.de\/wp-content\/uploads\/2019\/03\/19180729_Carl_Fritz_Heinrich_Voss_2-220x300.jpg 220w\" sizes=\"(max-width: 600px) 100vw, 600px\" \/><\/div><\/div><div class=\"su-image-carousel-item\"><div class=\"su-image-carousel-item-content\"><img width=\"319\" height=\"1024\" src=\"https:\/\/www.familienbuch-voss.de\/wp-content\/uploads\/2019\/03\/19140900_Heinrich_Voss-319x1024.jpg\" class=\"\" alt=\"Heinrich Vo\u00df im September 1914\" decoding=\"async\" loading=\"lazy\" srcset=\"https:\/\/www.familienbuch-voss.de\/wp-content\/uploads\/2019\/03\/19140900_Heinrich_Voss-319x1024.jpg 319w, https:\/\/www.familienbuch-voss.de\/wp-content\/uploads\/2019\/03\/19140900_Heinrich_Voss-93x300.jpg 93w, https:\/\/www.familienbuch-voss.de\/wp-content\/uploads\/2019\/03\/19140900_Heinrich_Voss.jpg 477w\" sizes=\"(max-width: 319px) 100vw, 319px\" \/><\/div><\/div><div class=\"su-image-carousel-item\"><div class=\"su-image-carousel-item-content\"><img width=\"600\" height=\"425\" src=\"https:\/\/www.familienbuch-voss.de\/wp-content\/uploads\/2019\/03\/19160517_Carl_Fritz_Heinrich_Voss_oben_4_v_l-1024x726.jpg\" class=\"\" alt=\"Heinrich Vo\u00df (obere Reihe, 4. von links) im Telefontrupp III \/ 184, 17. Mai 1916\" decoding=\"async\" loading=\"lazy\" srcset=\"https:\/\/www.familienbuch-voss.de\/wp-content\/uploads\/2019\/03\/19160517_Carl_Fritz_Heinrich_Voss_oben_4_v_l-1024x726.jpg 1024w, https:\/\/www.familienbuch-voss.de\/wp-content\/uploads\/2019\/03\/19160517_Carl_Fritz_Heinrich_Voss_oben_4_v_l-300x213.jpg 300w, https:\/\/www.familienbuch-voss.de\/wp-content\/uploads\/2019\/03\/19160517_Carl_Fritz_Heinrich_Voss_oben_4_v_l-768x545.jpg 768w, https:\/\/www.familienbuch-voss.de\/wp-content\/uploads\/2019\/03\/19160517_Carl_Fritz_Heinrich_Voss_oben_4_v_l.jpg 1204w\" sizes=\"(max-width: 600px) 100vw, 600px\" \/><\/div><\/div><\/div><script id=\"su_image_carousel_69f35114024c6_script\">if(window.SUImageCarousel){setTimeout(function() {window.SUImageCarousel.initGallery(document.getElementById(\"su_image_carousel_69f35114024c6\"))}, 0);}var su_image_carousel_69f35114024c6_script=document.getElementById(\"su_image_carousel_69f35114024c6_script\");if(su_image_carousel_69f35114024c6_script){su_image_carousel_69f35114024c6_script.parentNode.removeChild(su_image_carousel_69f35114024c6_script);}<\/script>\n","protected":false},"excerpt":{"rendered":"<p>Der Erste Weltkrieg fing so harmlos an, wenn man die Familiendokumente durchschaut: Mit einem Brief aus Neum\u00fcnster an die Eltern von &#8222;Heini&#8220; Vo\u00df. Absender sind seine Gasteltern in Neum\u00fcnster, Familie Kastberg. Heinrich Vo\u00df war in Neum\u00fcnster als Soldat stationiert und privat einquatiert worden.<\/p>\n","protected":false},"author":1,"featured_media":66,"comment_status":"closed","ping_status":"open","sticky":false,"template":"","format":"standard","meta":{"footnotes":""},"categories":[6,38,7,11,46,10,8,9],"tags":[55,53,47,48,56,49,24,52,51,50,57,18,54],"views":3138,"_links":{"self":[{"href":"https:\/\/www.familienbuch-voss.de\/index.php?rest_route=\/wp\/v2\/posts\/386"}],"collection":[{"href":"https:\/\/www.familienbuch-voss.de\/index.php?rest_route=\/wp\/v2\/posts"}],"about":[{"href":"https:\/\/www.familienbuch-voss.de\/index.php?rest_route=\/wp\/v2\/types\/post"}],"author":[{"embeddable":true,"href":"https:\/\/www.familienbuch-voss.de\/index.php?rest_route=\/wp\/v2\/users\/1"}],"replies":[{"embeddable":true,"href":"https:\/\/www.familienbuch-voss.de\/index.php?rest_route=%2Fwp%2Fv2%2Fcomments&post=386"}],"version-history":[{"count":20,"href":"https:\/\/www.familienbuch-voss.de\/index.php?rest_route=\/wp\/v2\/posts\/386\/revisions"}],"predecessor-version":[{"id":602,"href":"https:\/\/www.familienbuch-voss.de\/index.php?rest_route=\/wp\/v2\/posts\/386\/revisions\/602"}],"wp:featuredmedia":[{"embeddable":true,"href":"https:\/\/www.familienbuch-voss.de\/index.php?rest_route=\/wp\/v2\/media\/66"}],"wp:attachment":[{"href":"https:\/\/www.familienbuch-voss.de\/index.php?rest_route=%2Fwp%2Fv2%2Fmedia&parent=386"}],"wp:term":[{"taxonomy":"category","embeddable":true,"href":"https:\/\/www.familienbuch-voss.de\/index.php?rest_route=%2Fwp%2Fv2%2Fcategories&post=386"},{"taxonomy":"post_tag","embeddable":true,"href":"https:\/\/www.familienbuch-voss.de\/index.php?rest_route=%2Fwp%2Fv2%2Ftags&post=386"}],"curies":[{"name":"wp","href":"https:\/\/api.w.org\/{rel}","templated":true}]}}